{"id":9306,"date":"2024-01-10T09:47:48","date_gmt":"2024-01-10T09:47:48","guid":{"rendered":"https:\/\/caumas.org\/revista\/?p=9306"},"modified":"2024-01-17T10:10:40","modified_gmt":"2024-01-17T10:10:40","slug":"economia-un-viaje-de-ida-y-vuelta","status":"publish","type":"post","link":"https:\/\/caumas.org\/revista\/economia-un-viaje-de-ida-y-vuelta\/","title":{"rendered":"Econom\u00eda.  \u00bfUn viaje de ida y vuelta?"},"content":{"rendered":"<p>[vc_row full_width_row=&#8221;true&#8221;][vc_column]<div id=\"ultimate-heading-277369efc2469c6dc\" class=\"uvc-heading ult-adjust-bottom-margin ultimate-heading-277369efc2469c6dc uvc-6289  uvc-heading-default-font-sizes\" data-hspacer=\"no_spacer\"  data-halign=\"left\" style=\"text-align:left\"><div class=\"uvc-heading-spacer no_spacer\" style=\"top\"><\/div><div class=\"uvc-main-heading ult-responsive\"  data-ultimate-target='.uvc-heading.ultimate-heading-277369efc2469c6dc h2'  data-responsive-json-new='{\"font-size\":\"\",\"line-height\":\"\"}' ><h2 style=\"font-family:&#039;Viga&#039;;--font-weight:theme;\">Econom\u00eda. \u00bfUn viaje de ida y vuelta?<\/h2><\/div><div class=\"uvc-sub-heading ult-responsive\"  data-ultimate-target='.uvc-heading.ultimate-heading-277369efc2469c6dc .uvc-sub-heading '  data-responsive-json-new='{\"font-size\":\"\",\"line-height\":\"\"}'  style=\"font-weight:normal;\"><em>Carlos Llor\u00e9ns<\/em><\/div><\/div>[vc_empty_space height=&#8221;16px&#8221;][vc_row_inner][vc_column_inner][vc_column_text]<\/p>\n<p id=\"the-pasted-async\">Al igual que un reloj de p\u00e9ndulo, parece que los distintos \u00f3rdenes de la vida, del acontecer diario, semejen a un reloj de p\u00e9ndulo, que tanto viene como va.<\/p>\n<p>Y nos da la impresi\u00f3n que, seg\u00fan quien trate el tema, nos encojan o nos distiendan.<\/p>\n<p>Francamente, desde que el mundo lo hemos entendido como ese lugar en el que, a pesar de todo, nos vemos obligados a convivir, hoy las noticias en el \u00e1mbito econ\u00f3mico act\u00faan a modo de bandone\u00f3n. Todo depende de qui\u00e9n interprete las notas.<\/p>\n<p>El director que lleve la batuta en este concierto, que a todos nos concierne, puede decidirse entre un \u201callegro\u201d (m\u00e1s o menos \u201callegro\u201d) o una \u201capoteosis final\u201d. Se ver\u00e1. Lo ver\u00e1.<\/p>\n<p>En medio de este vaiv\u00e9n de n\u00fameros, d\u00edgitos, probabilidades, estad\u00edsticas, etc. puede que, con Inteligencia Artificial incluida, vamos el grupo de mortales que o bien callamos o bien aplaudimos antes del final del movimiento. La cosa se debate entre \u201cno saber\u201d o querer \u201cpasarnos de listos\u201d.<\/p>\n<p>Y quien orquesta pareciera estar en todo momento en posesi\u00f3n de la raz\u00f3n.<\/p>\n<p>La culpa, si el \u201cchollo\u201d sale mal o se tuerce, la tendr\u00e1 aqu\u00e9l o el otro, \u201cyo no\u201d.<\/p>\n<p>Se va, se viene, se sube, se baja y\u2026transcurrido un margen razonable de tiempo, se comprueban los resultados.<\/p>\n<p>Yo me atrever\u00eda a decir que, m\u00e1s o menos, desde las distintas Dinast\u00edas Egipcias, con m\u00e1s o menos modernidad (insisto que con inteligencia artificial incluida), poco ha cambiado el rollo.<\/p>\n<p>A los cerebros m\u00e1s afortunados se les encarga la \u201ccuesti\u00f3n\u201d. Se suele decir que son los m\u00e1s capacitados. Se les encumbra para luego, para luego \u00bfqu\u00e9? Pues, para m\u00e1s de lo mismo.<\/p>\n<p>Que, \u00bfqu\u00e9 se pretende? Tambi\u00e9n me atrever\u00eda a decir que, seriedad facial incluida, algo as\u00ed como pasar el rato, con una buena retribuci\u00f3n.<\/p>\n<p>Visto lo visto, estoy m\u00e1s que convencido que si el tema estuviese en manos de algunos de nuestros ancestros, no s\u00f3lo lo ver\u00edan con m\u00e1s claridad, sino que atisbar\u00edan una mejor soluci\u00f3n sin tanto \u201calgoritmo\u201d ni tanta \u201cparafernalia\u201d.<\/p>\n<p>Creo que se trata de gestionar adecuadamente, que 1 unidad de moneda, siempre tendr\u00e1 un valor, que empleada con \u201ctino\u201d, todos saldr\u00edamos compensados.<\/p>\n<p>Que este viaje tiene \u00fanicamente billete de ida, puede (y digo puede) que m\u00e1s adelante tambi\u00e9n sea como el p\u00e9ndulo.<\/p>\n<p>Mientras tanto, rememos en el mismo sentido.<\/p>\n<p>Nunca ganaremos la regata si se va hacia el norte y tambi\u00e9n hacia el sur, al mismo tiempo.<\/p>\n<p><img fetchpriority=\"high\" decoding=\"async\" class=\"wp-image-9307 aligncenter size-full\" src=\"https:\/\/caumas.org\/revista\/wp-content\/uploads\/2024\/01\/image.png\" alt=\"\" width=\"989\" height=\"473\" srcset=\"https:\/\/caumas.org\/revista\/wp-content\/uploads\/2024\/01\/image.png 989w, https:\/\/caumas.org\/revista\/wp-content\/uploads\/2024\/01\/image-300x143.png 300w, https:\/\/caumas.org\/revista\/wp-content\/uploads\/2024\/01\/image-768x367.png 768w\" sizes=\"(max-width: 989px) 100vw, 989px\" \/><\/p>\n<p>&nbsp;<\/p>\n<p style=\"text-align: right;\"><em><strong>Carlos LLor\u00e9ns Fern\u00e1ndez<\/strong><\/em><br \/>\n<em><strong>Universidad de Mayores<\/strong><\/em><br \/>\n<em><strong>Universidade de Vigo.<\/strong><\/em><br \/>\n<em><strong>Art\u00edculo n\u00ba 20<\/strong><\/em><\/p>\n<p>[\/vc_column_text][vc_separator][vc_column_text]<\/p>\n<ol>\n<li>Quinodoz, D. (2008): \u201cViellir, une d\u00e9couverte\u201d. Paris: Presses Universitaires de France.<\/li>\n<li>Freire, B. (2017): \u201cLa Jubilaci\u00f3n, una nueva oportunidad\u201d. Madrid: LID EDITORIAL.<\/li>\n<li>Jung, C.G. (2002): \u201cEl Hombre y sus s\u00edmbolos\u201d. Buenos Aires: Biblioteca Universal.<\/li>\n<li>Citado en Conley, C. (2018): \u201cWisdom @ Work. The making of a Modern Elder\u201d. New York, Crown Publishing Group.<\/li>\n<\/ol>\n<p>[\/vc_column_text][vc_separator][vc_column_text]<\/p>\n<p style=\"text-align: right;\"><em><strong>Dr. Bartolom\u00e9 Freire Arteta<br \/>\n<\/strong><\/em>Psiquiatra jubilado<\/p>\n<p style=\"text-align: right;\"><a href=\"https:\/\/www.bartolomefreire.es\">www.bartolomefreire.es<\/a><br \/>\n<a href=\"mailto:contacto@bartolomefreire.es\">contacto@bartolomefreire.es<\/a><\/p>\n<p>[\/vc_column_text][\/vc_column_inner][\/vc_row_inner][\/vc_column][\/vc_row]<\/p>\n","protected":false},"excerpt":{"rendered":"<p>[vc_row full_width_row=&#8221;true&#8221;][vc_column][vc_empty_space height=&#8221;16px&#8221;][vc_row_inner][vc_column_inner][vc_column_text] Al igual que un reloj de p\u00e9ndulo, parece que los distintos \u00f3rdenes de la vida, del acontecer diario, semejen a un reloj de p\u00e9ndulo, que tanto viene como va. Y nos da la impresi\u00f3n que, seg\u00fan quien trate el tema, nos encojan o nos distiendan. Francamente, desde que el mundo lo hemos&hellip;<\/p>\n","protected":false},"author":1,"featured_media":9631,"comment_status":"closed","ping_status":"closed","sticky":false,"template":"","format":"standard","meta":{"footnotes":""},"categories":[291,57],"tags":[],"class_list":["post-9306","post","type-post","status-publish","format-standard","has-post-thumbnail","hentry","category-45-opinion-dic-2023","category-opinion","category-291","category-57","description-off"],"_links":{"self":[{"href":"https:\/\/caumas.org\/revista\/wp-json\/wp\/v2\/posts\/9306","targetHints":{"allow":["GET"]}}],"collection":[{"href":"https:\/\/caumas.org\/revista\/wp-json\/wp\/v2\/posts"}],"about":[{"href":"https:\/\/caumas.org\/revista\/wp-json\/wp\/v2\/types\/post"}],"author":[{"embeddable":true,"href":"https:\/\/caumas.org\/revista\/wp-json\/wp\/v2\/users\/1"}],"replies":[{"embeddable":true,"href":"https:\/\/caumas.org\/revista\/wp-json\/wp\/v2\/comments?post=9306"}],"version-history":[{"count":1,"href":"https:\/\/caumas.org\/revista\/wp-json\/wp\/v2\/posts\/9306\/revisions"}],"predecessor-version":[{"id":9309,"href":"https:\/\/caumas.org\/revista\/wp-json\/wp\/v2\/posts\/9306\/revisions\/9309"}],"wp:featuredmedia":[{"embeddable":true,"href":"https:\/\/caumas.org\/revista\/wp-json\/wp\/v2\/media\/9631"}],"wp:attachment":[{"href":"https:\/\/caumas.org\/revista\/wp-json\/wp\/v2\/media?parent=9306"}],"wp:term":[{"taxonomy":"category","embeddable":true,"href":"https:\/\/caumas.org\/revista\/wp-json\/wp\/v2\/categories?post=9306"},{"taxonomy":"post_tag","embeddable":true,"href":"https:\/\/caumas.org\/revista\/wp-json\/wp\/v2\/tags?post=9306"}],"curies":[{"name":"wp","href":"https:\/\/api.w.org\/{rel}","templated":true}]}}