{"id":9359,"date":"2024-01-11T10:58:11","date_gmt":"2024-01-11T10:58:11","guid":{"rendered":"https:\/\/caumas.org\/revista\/?p=9359"},"modified":"2024-01-17T10:31:22","modified_gmt":"2024-01-17T10:31:22","slug":"observatorio-del-edadismo","status":"publish","type":"post","link":"https:\/\/caumas.org\/revista\/observatorio-del-edadismo\/","title":{"rendered":"Observatorio del edadismo"},"content":{"rendered":"<p>[vc_row][vc_column][vc_single_image image=&#8221;9360&#8243; img_size=&#8221;full&#8221; css=&#8221;.vc_custom_1704968695216{background-color: #d8391c !important;}&#8221;][vc_column_text]<\/p>\n<div>\n<p class=\"MsoNormal\"><span lang=\"ES-TRAD\" style=\"font-size: 11.0pt; line-height: 107%; font-family: 'Arial',sans-serif;\">Buscamos reducir el problema del edadismo a trav\u00e9s de la lucha contra los prejuicios hacia las personas mayores.<\/span><\/p>\n<p class=\"MsoNormal\"><span lang=\"ES-TRAD\" style=\"font-size: 11.0pt; line-height: 107%; font-family: 'Arial',sans-serif;\">Desde hace d\u00e9cadas la Fundaci\u00f3n HelpAge International Espa\u00f1a viene realizando una importante labor de sensibilizaci\u00f3n en relaci\u00f3n con los derechos de las personas mayores, situ\u00e1ndose como una de las principales organizaciones a nivel estatal enfocada en prevenir y luchar contra la discriminaci\u00f3n por raz\u00f3n de edad en todos los sectores de la sociedad.<\/span><\/p>\n<p class=\"MsoNormal\"><span lang=\"ES-TRAD\" style=\"font-size: 11.0pt; line-height: 107%; font-family: 'Arial',sans-serif;\">El Observatorio del Edadismo es un proyecto desarrollado por la <b>Fundaci\u00f3n HelpAge International Espa\u00f1a<\/b> y financiado por el Ministerio de Derechos Sociales y Agenda 2030, a trav\u00e9s de la convocatoria de subvenciones de inter\u00e9s general consideradas de inter\u00e9s social, con cargo a la asignaci\u00f3n tributaria del IRPF y de la subvenci\u00f3n del IMSERSO en el \u00e1rea de atenci\u00f3n a personas mayores.<\/span><\/p>\n<p class=\"MsoNormal\"><b><span lang=\"ES-TRAD\" style=\"font-size: 11.0pt; line-height: 107%; font-family: 'Arial',sans-serif;\">\u00bfPor qu\u00e9 El Observatorio?<\/span><\/b><\/p>\n<p class=\"MsoNormal\"><span lang=\"ES-TRAD\" style=\"font-size: 11.0pt; line-height: 107%; font-family: 'Arial',sans-serif;\">Como se concluye en el Informe Mundial sobre el Edadismo publicado en el a\u00f1o 2021 por la Organizaci\u00f3n Mundial de la Salud (OMS), este tipo de discriminaci\u00f3n se filtra en muchas instituciones y sectores de la sociedad, incluidos los que brindan atenci\u00f3n sanitaria y social, as\u00ed como en el lugar de trabajo, los medios de comunicaci\u00f3n y el ordenamiento jur\u00eddico.<\/span><\/p>\n<p class=\"MsoNormal\"><span lang=\"ES-TRAD\" style=\"font-size: 11.0pt; line-height: 107%; font-family: 'Arial',sans-serif;\">Desde la fundaci\u00f3n HelpAge International Espa\u00f1a buscamos que el Observatorio del Edadismo se convierta en una herramienta dirigida a reducir el problema del edadismo, a trav\u00e9s de la lucha contra los prejuicios por medio de la recopilaci\u00f3n de datos, la investigaci\u00f3n, la evaluaci\u00f3n de leyes y pol\u00edticas p\u00fablicas y las actividades educativas para mejorar la empat\u00eda y combatir ideas err\u00f3neas en relaci\u00f3n con las personas mayores y sus derechos.<\/span><\/p>\n<p class=\"MsoNormal\"><b><i><span lang=\"ES-TRAD\" style=\"font-size: 11.0pt; line-height: 107%; font-family: 'Arial',sans-serif;\">Comunicaci\u00f3n e Imagen<\/span><\/i><\/b><\/p>\n<p class=\"MsoNormal\"><span lang=\"ES-TRAD\" style=\"font-size: 11.0pt; line-height: 107%; font-family: 'Arial',sans-serif;\">La adecuaci\u00f3n, en la publicidad y los medios de comunicaci\u00f3n, de la representaci\u00f3n de la situaci\u00f3n de las personas mayores resulta esencial para la lucha contra el edadismo, de cara a evitar caer en la generalizaci\u00f3n y el estereotipo, que lleva a la ulterior discriminaci\u00f3n.<\/span><\/p>\n<p class=\"MsoNormal\"><span lang=\"ES-TRAD\" style=\"font-size: 11.0pt; line-height: 107%; font-family: 'Arial',sans-serif;\">Para evitarlo, se debe mostrar la diversidad de la realidad de las personas mayores, lo cual requiere de un conocimiento previo y de una comunicaci\u00f3n responsable.<\/span><\/p>\n<p class=\"MsoNormal\"><span lang=\"ES-TRAD\" style=\"font-size: 11.0pt; line-height: 107%; font-family: 'Arial',sans-serif;\">Para ello, el Observatorio sobre el Edadismo se dirige en su primer a\u00f1o de andadura al sector period\u00edstico, toda vez que dos de los tres productos que se publicar\u00e1n en este a\u00f1o 2023 son, por un lado, un An\u00e1lisis de los medios de comunicaci\u00f3n en relaci\u00f3n con el tratamiento de las personas mayores y, por otro, una Gu\u00eda sobre el edadismo para periodistas.<\/span><\/p>\n<p class=\"MsoNormal\"><span lang=\"ES-TRAD\" style=\"font-size: 11.0pt; line-height: 107%; font-family: 'Arial',sans-serif;\">En los pr\u00f3ximos a\u00f1os desde el Observatorio sobre el Edadismo nos dedicaremos a analizar, asimismo, la representaci\u00f3n de las personas mayores en la publicidad, internet o cualquier otra forma de promoci\u00f3n y difusi\u00f3n educativa, cultural o recreativa para valorar cu\u00e1l es la imagen que se atribuye a las personas mayores y, en el caso de que \u00e9stos sean edadistas, realizar acciones que contribuyan al cambio y mejora de estas im\u00e1genes.<\/span><\/p>\n<p class=\"MsoNormal\"><b><i><span lang=\"ES-TRAD\" style=\"font-size: 11.0pt; line-height: 107%; font-family: 'Arial',sans-serif;\">Justicia y derecho<\/span><\/i><\/b><\/p>\n<p class=\"MsoNormal\"><span lang=\"ES-TRAD\" style=\"font-size: 11.0pt; line-height: 107%; font-family: 'Arial',sans-serif;\">La Justicia y el Derecho desempe\u00f1an un papel fundamental para garantizar los derechos de las personas mayores y, m\u00e1s concretamente, para luchar contra la discriminaci\u00f3n por raz\u00f3n de edad, habiendo sido reconocida la edad, por la doctrina constitucional, como posible causa espec\u00edfica de discriminaci\u00f3n, a pesar de no aparecer expresamente mencionada en el art\u00edculo 14 de la Constituci\u00f3n Espa\u00f1ola.<\/span><\/p>\n<p class=\"MsoNormal\"><span lang=\"ES-TRAD\" style=\"font-size: 11.0pt; line-height: 107%; font-family: 'Arial',sans-serif;\">Es por ello por lo que, en el marco de su misi\u00f3n, el Observatorio se dedicar\u00e1 a la recopilaci\u00f3n y an\u00e1lisis de la jurisprudencia sobre el edadismo con el objetivo de proporcionar a los profesionales de la justicia, jueces y legisladores, informaci\u00f3n sobre la legislaci\u00f3n y su aplicaci\u00f3n.<\/span><\/p>\n<p class=\"MsoNormal\"><b><i><span lang=\"ES-TRAD\" style=\"font-size: 11.0pt; line-height: 107%; font-family: 'Arial',sans-serif;\">Pol\u00edticas p\u00fablicas<\/span><\/i><\/b><\/p>\n<p class=\"MsoNormal\"><span lang=\"ES-TRAD\" style=\"font-size: 11.0pt; line-height: 107%; font-family: 'Arial',sans-serif;\">El envejecimiento de la poblaci\u00f3n es un fen\u00f3meno que hay que abordar desde las pol\u00edticas p\u00fablicas de cara a garantizar los derechos de las personas mayores.<\/span><\/p>\n<p class=\"MsoNormal\"><span lang=\"ES-TRAD\" style=\"font-size: 11.0pt; line-height: 107%; font-family: 'Arial',sans-serif;\">Por ello, el Observatorio realizar\u00e1, asimismo, una labor de asesoramiento, an\u00e1lisis, evaluaci\u00f3n y difusi\u00f3n de toda la informaci\u00f3n relativa a las pol\u00edticas que sobre los derechos de las personas mayores se est\u00e9n llevando a cabo con el objetivo de que las mismas se gu\u00eden por los est\u00e1ndares y principios marcados por organismos internacionales, como Naciones Unidas, el Consejo de Europa o la Uni\u00f3n Europea, que reclaman adoptar un enfoque basado en Derechos Humanos y una atenci\u00f3n integral centrada en la persona.<\/span><\/p>\n<\/div>\n<p><img fetchpriority=\"high\" decoding=\"async\" class=\"wp-image-9362 aligncenter size-full\" src=\"https:\/\/caumas.org\/revista\/wp-content\/uploads\/2024\/01\/image-23.png\" alt=\"\" width=\"313\" height=\"173\" srcset=\"https:\/\/caumas.org\/revista\/wp-content\/uploads\/2024\/01\/image-23.png 313w, https:\/\/caumas.org\/revista\/wp-content\/uploads\/2024\/01\/image-23-300x166.png 300w\" sizes=\"(max-width: 313px) 100vw, 313px\" \/><\/p>\n<div><\/div>\n<p>[\/vc_column_text][\/vc_column][\/vc_row]<\/p>\n","protected":false},"excerpt":{"rendered":"<p>[vc_row][vc_column][vc_single_image image=&#8221;9360&#8243; img_size=&#8221;full&#8221; css=&#8221;.vc_custom_1704968695216{background-color: #d8391c !important;}&#8221;][vc_column_text] Buscamos reducir el problema del edadismo a trav\u00e9s de la lucha contra los prejuicios hacia las personas mayores. Desde hace d\u00e9cadas la Fundaci\u00f3n HelpAge International Espa\u00f1a viene realizando una importante labor de sensibilizaci\u00f3n en relaci\u00f3n con los derechos de las personas mayores, situ\u00e1ndose como una de las principales organizaciones&hellip;<\/p>\n","protected":false},"author":1,"featured_media":9640,"comment_status":"closed","ping_status":"closed","sticky":false,"template":"","format":"standard","meta":{"footnotes":""},"categories":[293,59],"tags":[],"class_list":["post-9359","post","type-post","status-publish","format-standard","has-post-thumbnail","hentry","category-45-noticias-dic-2023","category-noticias","category-293","category-59","description-off"],"_links":{"self":[{"href":"https:\/\/caumas.org\/revista\/wp-json\/wp\/v2\/posts\/9359","targetHints":{"allow":["GET"]}}],"collection":[{"href":"https:\/\/caumas.org\/revista\/wp-json\/wp\/v2\/posts"}],"about":[{"href":"https:\/\/caumas.org\/revista\/wp-json\/wp\/v2\/types\/post"}],"author":[{"embeddable":true,"href":"https:\/\/caumas.org\/revista\/wp-json\/wp\/v2\/users\/1"}],"replies":[{"embeddable":true,"href":"https:\/\/caumas.org\/revista\/wp-json\/wp\/v2\/comments?post=9359"}],"version-history":[{"count":1,"href":"https:\/\/caumas.org\/revista\/wp-json\/wp\/v2\/posts\/9359\/revisions"}],"predecessor-version":[{"id":9363,"href":"https:\/\/caumas.org\/revista\/wp-json\/wp\/v2\/posts\/9359\/revisions\/9363"}],"wp:featuredmedia":[{"embeddable":true,"href":"https:\/\/caumas.org\/revista\/wp-json\/wp\/v2\/media\/9640"}],"wp:attachment":[{"href":"https:\/\/caumas.org\/revista\/wp-json\/wp\/v2\/media?parent=9359"}],"wp:term":[{"taxonomy":"category","embeddable":true,"href":"https:\/\/caumas.org\/revista\/wp-json\/wp\/v2\/categories?post=9359"},{"taxonomy":"post_tag","embeddable":true,"href":"https:\/\/caumas.org\/revista\/wp-json\/wp\/v2\/tags?post=9359"}],"curies":[{"name":"wp","href":"https:\/\/api.w.org\/{rel}","templated":true}]}}