{"id":9939,"date":"2026-02-27T11:56:59","date_gmt":"2026-02-27T11:56:59","guid":{"rendered":"https:\/\/caumas.org\/revista\/?p=9939"},"modified":"2026-02-27T11:56:59","modified_gmt":"2026-02-27T11:56:59","slug":"inma-fornoza-presidenta-de-caumas","status":"publish","type":"post","link":"https:\/\/caumas.org\/revista\/inma-fornoza-presidenta-de-caumas\/","title":{"rendered":"Inma Fornoza. Presidenta de CAUMAS"},"content":{"rendered":"<p>[vc_row][vc_column][vc_column_text]<span style=\"font-family: impact, sans-serif; font-size: 70pt; color: #009ce1; line-height: 1;\">INMA FORNOZA<br \/>\nPresidenta de CAUMAS<\/span>[\/vc_column_text][vc_row_inner][vc_column_inner][vc_column_text css=&#8221;.vc_custom_1772193115044{padding-top: 30px !important;padding-right: 30px !important;padding-bottom: 30px !important;padding-left: 30px !important;}&#8221;]<img fetchpriority=\"high\" decoding=\"async\" class=\"alignleft\" src=\"https:\/\/www.65ymas.com\/uploads\/s1\/21\/76\/11\/1\/inmaculada-fornoza-caumas.jpeg\" alt=\"Inmaculada Fornoza Serrano, nueva presidenta de CAUMAS\" width=\"373\" height=\"345\" \/>Como presidenta de la nueva Junta Directiva que, por la confianza de las entidades miembros de CAUMAS reunidas en Asamblea General, sali\u00f3 elegida el pasado 10 de julio, es mi deseo y un honor saludar con emoci\u00f3n, desde este espacio, a todas las personas lectoras de esta revista que est\u00e1 dirigida al sector de mayores, al que con mucho orgullo pertenezco.<\/p>\n<p>Soy empresaria y una mujer ocupada en mi vida cotidiana, pero tengo el placer, desde mi nuevo cargo y funciones en CAUMAS, de comprometer una parte de mi tiempo en representar, defender y apoyar a todas y cada una de las personas mayores de las 23 entidades miembros que la conforman, promoviendo la valiosa aportaci\u00f3n de las iniciativas desarrolladas por el tejido asociativo del alumnado de las universidades de mayores en el estado espa\u00f1ol.<\/p>\n<p>Me mueve poder ser un activo social en el prop\u00f3sito de conseguir garantizar la formaci\u00f3n universitaria permanente como un derecho importante y el envejecimiento activo, desde actividades socioculturales, as\u00ed como la prevenci\u00f3n de la soledad no deseada, contribuyendo, con la colaboraci\u00f3n de todas las organizaciones y personas asociadas, a una mejor posici\u00f3n e inclusi\u00f3n plena del colectivo de mayores en nuestra sociedad. Sin olvidar el importante talento senior y la experiencia sabia de la edad que ya es en s\u00ed misma un gran capital social.<\/p>\n<p>A propuesta de la nueva Junta Directiva, todas las Asociaciones miembros de CAUMAS nos hemos dotado de un Plan estrat\u00e9gico para el periodo 2025-2029 en el que se detallan los objetivos y actuaciones que pretendemos conseguir en esa legislatura, e invito a su lectura. Es tambi\u00e9n un ejemplo de que los mayores sabemos y podemos plantearnos un horizonte, no solo a corto sino tambi\u00e9n a medio y largo plazo. Un instrumento para compartir aspiraciones y visi\u00f3n de futuro.<\/p>\n<p>Es mi intenci\u00f3n liderar la tarea de ocuparnos, con compromiso y mucha dedicaci\u00f3n, de optimizar la capacidad de apoyo a todas y cada una de las partes que constituyen la Confederaci\u00f3n de Asociaciones y Federaciones de los Programas de Mayores en las universidades de la experiencia. Siempre poniendo el valor en conseguir la colaboraci\u00f3n m\u00e1xima para estimular y dinamizar el refuerzo de las personas mayores de los distintos \u00e1mbitos, con nuevos proyectos y promoviendo la b\u00fasqueda activa de recursos de apoyo para lograrlo.<\/p>\n<p>Con todas las entidades y personas que se sumen y, en especial, con la Junta de la que hago equipo, trabajar\u00e9 con tes\u00f3n e ilusi\u00f3n por alcanzar los fines estatutarios de CAUMAS, llevando a cabo las funciones encomendadas. Y dando visibilidad, no solo a las personas de los programas de las universidades de mayores para cubrir sus demandas \u2014sobre todo respecto de la educaci\u00f3n continua y mejora tecnol\u00f3gica digital\u2014, sino tambi\u00e9n a otras del \u00e1mbito de mayores adultos con &#8220;juventud acumulada&#8221; con muchas ganas de participar y aportar en la vida social.<\/p>\n<p>Quiero poner en valor el trabajo de nuestras organizaciones de mayores y c\u00f3mo, contando con el apoyo de todas las personas que colaboran en y desde ellas, se van consiguiendo avances importantes que nos hacen mejorar en nuestro bienestar, desarrollo de derechos frente al edadismo y en proyectos de vida con sentido.<\/p>\n<p>CAUMAS es y seguir\u00e1 siendo, junto a otras entidades con las que suma alianzas, un referente importante en la defensa de los programas universitarios de la experiencia ante los organismos p\u00fablicos y privados, as\u00ed como en otras actuaciones de envejecimiento activo, mantenimiento de las capacidades y autonom\u00eda o para la prevenci\u00f3n de la soledad no deseada y el aislamiento de las personas mayores.<\/p>\n<p>Por ello, con la mayor humildad, pero a la vez con satisfacci\u00f3n y todo mi empe\u00f1o, procurar\u00e9, desde este cargo de presidenta de CAUMAS, contribuir a la defensa de la dignidad de la persona mayor y la igualdad de derechos sin discriminaci\u00f3n, as\u00ed como a la mejora en la participaci\u00f3n social y respeto a su autodeterminaci\u00f3n. Y desde estos objetivos, deseo representar simplemente, como una m\u00e1s, los intereses y necesidades de muchas personas mayores que seguimos siendo un pilar fundamental del edificio social de nuestros entornos.<\/p>\n<p>Los retos de este cargo solo ser\u00e1 posible hacerlos realidad desde la colaboraci\u00f3n y el aprendizaje mutuo, en ese compromiso compartido al que desde ahora uno mi voluntad de trabajar incansable por las personas mayores, por nuestra dignidad y felicidad y como parte fundamental en nuestra sociedad.<\/p>\n<p><em>Inma Fornoza<\/em>[\/vc_column_text][\/vc_column_inner][\/vc_row_inner][\/vc_column][\/vc_row]<\/p>\n","protected":false},"excerpt":{"rendered":"<p>[vc_row][vc_column][vc_column_text]INMA FORNOZA Presidenta de CAUMAS[\/vc_column_text][vc_row_inner][vc_column_inner][vc_column_text css=&#8221;.vc_custom_1772193115044{padding-top: 30px !important;padding-right: 30px !important;padding-bottom: 30px !important;padding-left: 30px !important;}&#8221;]Como presidenta de la nueva Junta Directiva que, por la confianza de las entidades miembros de CAUMAS reunidas en Asamblea General, sali\u00f3 elegida el pasado 10 de julio, es mi deseo y un honor saludar con emoci\u00f3n, desde este espacio, a todas&hellip;<\/p>\n","protected":false},"author":1,"featured_media":9940,"comment_status":"closed","ping_status":"closed","sticky":false,"template":"","format":"standard","meta":{"footnotes":""},"categories":[316,314],"tags":[],"class_list":["post-9939","post","type-post","status-publish","format-standard","has-post-thumbnail","hentry","category-47-caumas-sep2025","category-7-caumas","category-316","category-314","description-off"],"_links":{"self":[{"href":"https:\/\/caumas.org\/revista\/wp-json\/wp\/v2\/posts\/9939","targetHints":{"allow":["GET"]}}],"collection":[{"href":"https:\/\/caumas.org\/revista\/wp-json\/wp\/v2\/posts"}],"about":[{"href":"https:\/\/caumas.org\/revista\/wp-json\/wp\/v2\/types\/post"}],"author":[{"embeddable":true,"href":"https:\/\/caumas.org\/revista\/wp-json\/wp\/v2\/users\/1"}],"replies":[{"embeddable":true,"href":"https:\/\/caumas.org\/revista\/wp-json\/wp\/v2\/comments?post=9939"}],"version-history":[{"count":1,"href":"https:\/\/caumas.org\/revista\/wp-json\/wp\/v2\/posts\/9939\/revisions"}],"predecessor-version":[{"id":9941,"href":"https:\/\/caumas.org\/revista\/wp-json\/wp\/v2\/posts\/9939\/revisions\/9941"}],"wp:featuredmedia":[{"embeddable":true,"href":"https:\/\/caumas.org\/revista\/wp-json\/wp\/v2\/media\/9940"}],"wp:attachment":[{"href":"https:\/\/caumas.org\/revista\/wp-json\/wp\/v2\/media?parent=9939"}],"wp:term":[{"taxonomy":"category","embeddable":true,"href":"https:\/\/caumas.org\/revista\/wp-json\/wp\/v2\/categories?post=9939"},{"taxonomy":"post_tag","embeddable":true,"href":"https:\/\/caumas.org\/revista\/wp-json\/wp\/v2\/tags?post=9939"}],"curies":[{"name":"wp","href":"https:\/\/api.w.org\/{rel}","templated":true}]}}